{"id":61223,"date":"2026-04-30T09:12:29","date_gmt":"2026-04-30T07:12:29","guid":{"rendered":"https:\/\/rxrprotect.com\/?p=61223"},"modified":"2026-04-30T10:00:30","modified_gmt":"2026-04-30T08:00:30","slug":"rencontre-avec-le-president-de-la-ffm","status":"publish","type":"post","link":"https:\/\/rxrprotect.com\/es\/rencontre-avec-le-president-de-la-ffm\/","title":{"rendered":"Rencontre avec le pr\u00e9sident de la FFM autour des \u00e9quipements de protection individuels moto"},"content":{"rendered":"\n<p>Nous avons r\u00e9cemment eu l\u2019honneur d\u2019accueillir les&nbsp;repr\u00e9sentants de la F\u00e9d\u00e9ration Fran\u00e7aise de Motocyclisme (FFM),&nbsp;et notamment son&nbsp;Pr\u00e9sident,&nbsp;au sein de RXR Protect pour un temps d\u2019\u00e9change constructif autour d\u2019un enjeu majeur : la s\u00e9curit\u00e9 des pratiquants.<\/p>\n\n\n\n<p>Nous tenons \u00e0 saluer l\u2019engagement constant de la FFM en faveur de l\u2019\u00e9volution des standards de s\u00e9curit\u00e9 et de l\u2019accompagnement des acteurs innovants du secteur. Leur implication active est essentielle pour faire progresser durablement les \u00e9quipements de protection individuels moto.<\/p>\n\n\n\n<p>Cette rencontre a \u00e9t\u00e9 l\u2019occasion de pr\u00e9senter&nbsp;notre vision et notre approche technologique.<\/p>\n\n\n\n<p>Chez RXR Protect, nous sommes convaincus que l\u2019air constitue une solution de protection particuli\u00e8rement performante, capable de r\u00e9pondre \u00e0 des probl\u00e9matiques de s\u00e9curit\u00e9 essentielles.<\/p>\n\n\n\n<p>Nous avons \u00e9galement mis en avant un engagement fort : le Made in France. Concevoir et produire localement est un choix exigeant, garant de qualit\u00e9, de tra\u00e7abilit\u00e9 et de r\u00e9activit\u00e9, et qui m\u00e9rite d\u2019\u00eatre soutenu dans un environnement \u00e9conomique concurrentiel.<\/p>\n\n\n\n<p>Dans ce cadre, le r\u00f4le de la FFM est d\u00e9terminant pour d\u00e9finir\u00a0les r\u00e8gles de s\u00e9curit\u00e9, notamment en terme d\u2019\u00e9quipement de protection individuelle moto, structurer, accompagner et valoriser les initiatives fran\u00e7aises qui contribuent \u00e0 am\u00e9liorer la s\u00e9curit\u00e9 des pratiquants.<\/p>\n\n\n\n<p>Nous sommes convaincus que cette dynamique commune permettra de faire \u00e9voluer les standards et de renforcer durablement la protection des motards.<\/p>\n\n\n\n<p>Merci \u00e0 la FFM pour la qualit\u00e9 des \u00e9changes et pour leur engagement au service de la s\u00e9curit\u00e9 de tous.<\/p>\n","protected":false},"excerpt":{"rendered":"<p>Nous avons r\u00e9cemment eu l\u2019honneur d\u2019accueillir les&nbsp;repr\u00e9sentants de la F\u00e9d\u00e9ration Fran\u00e7aise de Motocyclisme (FFM),&nbsp;et notamment son&nbsp;Pr\u00e9sident,&nbsp;au sein de RXR Protect pour un temps d\u2019\u00e9change constructif autour d\u2019un enjeu majeur : la s\u00e9curit\u00e9 des pratiquants. Nous tenons \u00e0 saluer l\u2019engagement constant de la FFM en faveur de l\u2019\u00e9volution des standards de s\u00e9curit\u00e9 et de l\u2019accompagnement des [&hellip;]<\/p>\n","protected":false},"author":1,"featured_media":61224,"comment_status":"closed","ping_status":"closed","sticky":false,"template":"","format":"standard","meta":{"_acf_changed":false,"footnotes":""},"categories":[1],"tags":[],"post_folder":[],"class_list":["post-61223","post","type-post","status-publish","format-standard","has-post-thumbnail","hentry","category-rxr-world-en"],"acf":[],"yoast_head":"<!-- This site is optimized with the Yoast SEO Premium plugin v25.1 (Yoast SEO v27.5) - https:\/\/yoast.com\/product\/yoast-seo-premium-wordpress\/ -->\n<title>Rencontre avec le pr\u00e9sident de la FFM autour des \u00e9quipements de protection individuels moto - RXR Protect<\/title>\n<meta name=\"robots\" content=\"index, follow, max-snippet:-1, max-image-preview:large, max-video-preview:-1\" \/>\n<link rel=\"canonical\" href=\"https:\/\/rxrprotect.com\/es\/rencontre-avec-le-president-de-la-ffm\/\" \/>\n<meta property=\"og:locale\" content=\"es_ES\" \/>\n<meta property=\"og:type\" content=\"article\" \/>\n<meta property=\"og:title\" content=\"Rencontre avec le pr\u00e9sident de la FFM autour des \u00e9quipements de protection individuels moto\" \/>\n<meta property=\"og:description\" content=\"Nous avons r\u00e9cemment eu l\u2019honneur d\u2019accueillir les&nbsp;repr\u00e9sentants de la F\u00e9d\u00e9ration Fran\u00e7aise de Motocyclisme (FFM),&nbsp;et notamment son&nbsp;Pr\u00e9sident,&nbsp;au sein de RXR Protect pour un temps d\u2019\u00e9change constructif autour d\u2019un enjeu majeur : la s\u00e9curit\u00e9 des pratiquants. Nous tenons \u00e0 saluer l\u2019engagement constant de la FFM en faveur de l\u2019\u00e9volution des standards de s\u00e9curit\u00e9 et de l\u2019accompagnement des [&hellip;]\" \/>\n<meta property=\"og:url\" content=\"https:\/\/rxrprotect.com\/es\/rencontre-avec-le-president-de-la-ffm\/\" \/>\n<meta property=\"og:site_name\" content=\"RXR Protect\" \/>\n<meta property=\"article:publisher\" content=\"https:\/\/www.facebook.com\/rxrprotectcom\" \/>\n<meta property=\"article:published_time\" content=\"2026-04-30T07:12:29+00:00\" \/>\n<meta property=\"article:modified_time\" content=\"2026-04-30T08:00:30+00:00\" \/>\n<meta property=\"og:image\" content=\"https:\/\/rxrprotect.com\/wp-content\/uploads\/2026\/04\/RXR-FFM.webp\" \/>\n\t<meta property=\"og:image:width\" content=\"1280\" \/>\n\t<meta property=\"og:image:height\" content=\"960\" \/>\n\t<meta property=\"og:image:type\" content=\"image\/webp\" \/>\n<meta name=\"author\" content=\"clereb\" \/>\n<meta name=\"twitter:card\" content=\"summary_large_image\" \/>\n<script type=\"application\/ld+json\" class=\"yoast-schema-graph\">{\"@context\":\"https:\\\/\\\/schema.org\",\"@graph\":[{\"@type\":[\"Article\",\"BlogPosting\"],\"@id\":\"https:\\\/\\\/rxrprotect.com\\\/es\\\/rencontre-avec-le-president-de-la-ffm\\\/#article\",\"isPartOf\":{\"@id\":\"https:\\\/\\\/rxrprotect.com\\\/es\\\/rencontre-avec-le-president-de-la-ffm\\\/\"},\"author\":{\"name\":\"clereb\",\"@id\":\"https:\\\/\\\/rxrprotect.com\\\/es\\\/#\\\/schema\\\/person\\\/5ac16af76a6edd4d28ea8c896e821e1a\"},\"headline\":\"Rencontre avec le pr\u00e9sident de la FFM autour des \u00e9quipements de protection individuels moto\",\"datePublished\":\"2026-04-30T07:12:29+00:00\",\"dateModified\":\"2026-04-30T08:00:30+00:00\",\"mainEntityOfPage\":{\"@id\":\"https:\\\/\\\/rxrprotect.com\\\/es\\\/rencontre-avec-le-president-de-la-ffm\\\/\"},\"wordCount\":285,\"publisher\":{\"@id\":\"https:\\\/\\\/rxrprotect.com\\\/es\\\/#organization\"},\"image\":{\"@id\":\"https:\\\/\\\/rxrprotect.com\\\/es\\\/rencontre-avec-le-president-de-la-ffm\\\/#primaryimage\"},\"thumbnailUrl\":\"https:\\\/\\\/rxrprotect.com\\\/wp-content\\\/uploads\\\/2026\\\/04\\\/RXR-FFM.webp\",\"articleSection\":[\"RXR World\"],\"inLanguage\":\"es\"},{\"@type\":\"WebPage\",\"@id\":\"https:\\\/\\\/rxrprotect.com\\\/es\\\/rencontre-avec-le-president-de-la-ffm\\\/\",\"url\":\"https:\\\/\\\/rxrprotect.com\\\/es\\\/rencontre-avec-le-president-de-la-ffm\\\/\",\"name\":\"Rencontre avec le pr\u00e9sident de la FFM autour des \u00e9quipements de protection individuels moto - RXR Protect\",\"isPartOf\":{\"@id\":\"https:\\\/\\\/rxrprotect.com\\\/es\\\/#website\"},\"primaryImageOfPage\":{\"@id\":\"https:\\\/\\\/rxrprotect.com\\\/es\\\/rencontre-avec-le-president-de-la-ffm\\\/#primaryimage\"},\"image\":{\"@id\":\"https:\\\/\\\/rxrprotect.com\\\/es\\\/rencontre-avec-le-president-de-la-ffm\\\/#primaryimage\"},\"thumbnailUrl\":\"https:\\\/\\\/rxrprotect.com\\\/wp-content\\\/uploads\\\/2026\\\/04\\\/RXR-FFM.webp\",\"datePublished\":\"2026-04-30T07:12:29+00:00\",\"dateModified\":\"2026-04-30T08:00:30+00:00\",\"breadcrumb\":{\"@id\":\"https:\\\/\\\/rxrprotect.com\\\/es\\\/rencontre-avec-le-president-de-la-ffm\\\/#breadcrumb\"},\"inLanguage\":\"es\",\"potentialAction\":[{\"@type\":\"ReadAction\",\"target\":[\"https:\\\/\\\/rxrprotect.com\\\/es\\\/rencontre-avec-le-president-de-la-ffm\\\/\"]}]},{\"@type\":\"ImageObject\",\"inLanguage\":\"es\",\"@id\":\"https:\\\/\\\/rxrprotect.com\\\/es\\\/rencontre-avec-le-president-de-la-ffm\\\/#primaryimage\",\"url\":\"https:\\\/\\\/rxrprotect.com\\\/wp-content\\\/uploads\\\/2026\\\/04\\\/RXR-FFM.webp\",\"contentUrl\":\"https:\\\/\\\/rxrprotect.com\\\/wp-content\\\/uploads\\\/2026\\\/04\\\/RXR-FFM.webp\",\"width\":1280,\"height\":960,\"caption\":\"RXR rencontre le pr\u00e9sident de la FFM\"},{\"@type\":\"BreadcrumbList\",\"@id\":\"https:\\\/\\\/rxrprotect.com\\\/es\\\/rencontre-avec-le-president-de-la-ffm\\\/#breadcrumb\",\"itemListElement\":[{\"@type\":\"ListItem\",\"position\":1,\"name\":\"Accueil\",\"item\":\"https:\\\/\\\/rxrprotect.com\\\/es\\\/\"},{\"@type\":\"ListItem\",\"position\":2,\"name\":\"Rencontre avec le pr\u00e9sident de la FFM autour des \u00e9quipements de protection individuels moto\"}]},{\"@type\":\"WebSite\",\"@id\":\"https:\\\/\\\/rxrprotect.com\\\/es\\\/#website\",\"url\":\"https:\\\/\\\/rxrprotect.com\\\/es\\\/\",\"name\":\"RXR Protect\",\"description\":\"Pare pierre et protection gonflable pour le motocross, le VTT et tous les sports extr\u00eames.\",\"publisher\":{\"@id\":\"https:\\\/\\\/rxrprotect.com\\\/es\\\/#organization\"},\"alternateName\":\"RXR\",\"potentialAction\":[{\"@type\":\"SearchAction\",\"target\":{\"@type\":\"EntryPoint\",\"urlTemplate\":\"https:\\\/\\\/rxrprotect.com\\\/es\\\/?s={search_term_string}\"},\"query-input\":{\"@type\":\"PropertyValueSpecification\",\"valueRequired\":true,\"valueName\":\"search_term_string\"}}],\"inLanguage\":\"es\"},{\"@type\":\"Organization\",\"@id\":\"https:\\\/\\\/rxrprotect.com\\\/es\\\/#organization\",\"name\":\"RXR Protect\",\"alternateName\":\"RXR\",\"url\":\"https:\\\/\\\/rxrprotect.com\\\/es\\\/\",\"logo\":{\"@type\":\"ImageObject\",\"inLanguage\":\"es\",\"@id\":\"https:\\\/\\\/rxrprotect.com\\\/es\\\/#\\\/schema\\\/logo\\\/image\\\/\",\"url\":\"https:\\\/\\\/rxrprotect.com\\\/wp-content\\\/uploads\\\/2023\\\/10\\\/RXR-Logo-Noir.png\",\"contentUrl\":\"https:\\\/\\\/rxrprotect.com\\\/wp-content\\\/uploads\\\/2023\\\/10\\\/RXR-Logo-Noir.png\",\"width\":500,\"height\":104,\"caption\":\"RXR Protect\"},\"image\":{\"@id\":\"https:\\\/\\\/rxrprotect.com\\\/es\\\/#\\\/schema\\\/logo\\\/image\\\/\"},\"sameAs\":[\"https:\\\/\\\/www.facebook.com\\\/rxrprotectcom\",\"https:\\\/\\\/www.instagram.com\\\/rxrprotect\\\/\",\"https:\\\/\\\/www.tiktok.com\\\/@rxrprotect.com\"],\"email\":\"info@rxrprotect.com\",\"telephone\":\"09 70 24 01 01\",\"legalName\":\"PRO SHOP RXR\",\"vatID\":\"FR05511897548\",\"taxID\":\"51189754800034\",\"numberOfEmployees\":{\"@type\":\"QuantitativeValue\",\"minValue\":\"1\",\"maxValue\":\"10\"},\"hasMerchantReturnPolicy\":{\"@type\":\"MerchantReturnPolicy\",\"merchantReturnLink\":\"https:\\\/\\\/rxrprotect.com\\\/conditions-generales-de-vente\\\/\"}},{\"@type\":\"Person\",\"@id\":\"https:\\\/\\\/rxrprotect.com\\\/es\\\/#\\\/schema\\\/person\\\/5ac16af76a6edd4d28ea8c896e821e1a\",\"name\":\"clereb\",\"sameAs\":[\"https:\\\/\\\/rxrprotect.com\"],\"url\":\"https:\\\/\\\/rxrprotect.com\\\/es\\\/author\\\/clereb\\\/\"}]}<\/script>\n<!-- \/ Yoast SEO Premium plugin. -->","yoast_head_json":{"title":"Rencontre avec le pr\u00e9sident de la FFM autour des \u00e9quipements de protection individuels moto - RXR Protect","robots":{"index":"index","follow":"follow","max-snippet":"max-snippet:-1","max-image-preview":"max-image-preview:large","max-video-preview":"max-video-preview:-1"},"canonical":"https:\/\/rxrprotect.com\/es\/rencontre-avec-le-president-de-la-ffm\/","og_locale":"es_ES","og_type":"article","og_title":"Rencontre avec le pr\u00e9sident de la FFM autour des \u00e9quipements de protection individuels moto","og_description":"Nous avons r\u00e9cemment eu l\u2019honneur d\u2019accueillir les&nbsp;repr\u00e9sentants de la F\u00e9d\u00e9ration Fran\u00e7aise de Motocyclisme (FFM),&nbsp;et notamment son&nbsp;Pr\u00e9sident,&nbsp;au sein de RXR Protect pour un temps d\u2019\u00e9change constructif autour d\u2019un enjeu majeur : la s\u00e9curit\u00e9 des pratiquants. Nous tenons \u00e0 saluer l\u2019engagement constant de la FFM en faveur de l\u2019\u00e9volution des standards de s\u00e9curit\u00e9 et de l\u2019accompagnement des [&hellip;]","og_url":"https:\/\/rxrprotect.com\/es\/rencontre-avec-le-president-de-la-ffm\/","og_site_name":"RXR Protect","article_publisher":"https:\/\/www.facebook.com\/rxrprotectcom","article_published_time":"2026-04-30T07:12:29+00:00","article_modified_time":"2026-04-30T08:00:30+00:00","og_image":[{"width":1280,"height":960,"url":"https:\/\/rxrprotect.com\/wp-content\/uploads\/2026\/04\/RXR-FFM.webp","type":"image\/webp"}],"author":"clereb","twitter_card":"summary_large_image","schema":{"@context":"https:\/\/schema.org","@graph":[{"@type":["Article","BlogPosting"],"@id":"https:\/\/rxrprotect.com\/es\/rencontre-avec-le-president-de-la-ffm\/#article","isPartOf":{"@id":"https:\/\/rxrprotect.com\/es\/rencontre-avec-le-president-de-la-ffm\/"},"author":{"name":"clereb","@id":"https:\/\/rxrprotect.com\/es\/#\/schema\/person\/5ac16af76a6edd4d28ea8c896e821e1a"},"headline":"Rencontre avec le pr\u00e9sident de la FFM autour des \u00e9quipements de protection individuels moto","datePublished":"2026-04-30T07:12:29+00:00","dateModified":"2026-04-30T08:00:30+00:00","mainEntityOfPage":{"@id":"https:\/\/rxrprotect.com\/es\/rencontre-avec-le-president-de-la-ffm\/"},"wordCount":285,"publisher":{"@id":"https:\/\/rxrprotect.com\/es\/#organization"},"image":{"@id":"https:\/\/rxrprotect.com\/es\/rencontre-avec-le-president-de-la-ffm\/#primaryimage"},"thumbnailUrl":"https:\/\/rxrprotect.com\/wp-content\/uploads\/2026\/04\/RXR-FFM.webp","articleSection":["RXR World"],"inLanguage":"es"},{"@type":"WebPage","@id":"https:\/\/rxrprotect.com\/es\/rencontre-avec-le-president-de-la-ffm\/","url":"https:\/\/rxrprotect.com\/es\/rencontre-avec-le-president-de-la-ffm\/","name":"Rencontre avec le pr\u00e9sident de la FFM autour des \u00e9quipements de protection individuels moto - RXR Protect","isPartOf":{"@id":"https:\/\/rxrprotect.com\/es\/#website"},"primaryImageOfPage":{"@id":"https:\/\/rxrprotect.com\/es\/rencontre-avec-le-president-de-la-ffm\/#primaryimage"},"image":{"@id":"https:\/\/rxrprotect.com\/es\/rencontre-avec-le-president-de-la-ffm\/#primaryimage"},"thumbnailUrl":"https:\/\/rxrprotect.com\/wp-content\/uploads\/2026\/04\/RXR-FFM.webp","datePublished":"2026-04-30T07:12:29+00:00","dateModified":"2026-04-30T08:00:30+00:00","breadcrumb":{"@id":"https:\/\/rxrprotect.com\/es\/rencontre-avec-le-president-de-la-ffm\/#breadcrumb"},"inLanguage":"es","potentialAction":[{"@type":"ReadAction","target":["https:\/\/rxrprotect.com\/es\/rencontre-avec-le-president-de-la-ffm\/"]}]},{"@type":"ImageObject","inLanguage":"es","@id":"https:\/\/rxrprotect.com\/es\/rencontre-avec-le-president-de-la-ffm\/#primaryimage","url":"https:\/\/rxrprotect.com\/wp-content\/uploads\/2026\/04\/RXR-FFM.webp","contentUrl":"https:\/\/rxrprotect.com\/wp-content\/uploads\/2026\/04\/RXR-FFM.webp","width":1280,"height":960,"caption":"RXR rencontre le pr\u00e9sident de la FFM"},{"@type":"BreadcrumbList","@id":"https:\/\/rxrprotect.com\/es\/rencontre-avec-le-president-de-la-ffm\/#breadcrumb","itemListElement":[{"@type":"ListItem","position":1,"name":"Accueil","item":"https:\/\/rxrprotect.com\/es\/"},{"@type":"ListItem","position":2,"name":"Rencontre avec le pr\u00e9sident de la FFM autour des \u00e9quipements de protection individuels moto"}]},{"@type":"WebSite","@id":"https:\/\/rxrprotect.com\/es\/#website","url":"https:\/\/rxrprotect.com\/es\/","name":"RXR Protect","description":"Pare pierre et protection gonflable pour le motocross, le VTT et tous les sports extr\u00eames.","publisher":{"@id":"https:\/\/rxrprotect.com\/es\/#organization"},"alternateName":"RXR","potentialAction":[{"@type":"SearchAction","target":{"@type":"EntryPoint","urlTemplate":"https:\/\/rxrprotect.com\/es\/?s={search_term_string}"},"query-input":{"@type":"PropertyValueSpecification","valueRequired":true,"valueName":"search_term_string"}}],"inLanguage":"es"},{"@type":"Organization","@id":"https:\/\/rxrprotect.com\/es\/#organization","name":"RXR Protect","alternateName":"RXR","url":"https:\/\/rxrprotect.com\/es\/","logo":{"@type":"ImageObject","inLanguage":"es","@id":"https:\/\/rxrprotect.com\/es\/#\/schema\/logo\/image\/","url":"https:\/\/rxrprotect.com\/wp-content\/uploads\/2023\/10\/RXR-Logo-Noir.png","contentUrl":"https:\/\/rxrprotect.com\/wp-content\/uploads\/2023\/10\/RXR-Logo-Noir.png","width":500,"height":104,"caption":"RXR Protect"},"image":{"@id":"https:\/\/rxrprotect.com\/es\/#\/schema\/logo\/image\/"},"sameAs":["https:\/\/www.facebook.com\/rxrprotectcom","https:\/\/www.instagram.com\/rxrprotect\/","https:\/\/www.tiktok.com\/@rxrprotect.com"],"email":"info@rxrprotect.com","telephone":"09 70 24 01 01","legalName":"PRO SHOP RXR","vatID":"FR05511897548","taxID":"51189754800034","numberOfEmployees":{"@type":"QuantitativeValue","minValue":"1","maxValue":"10"},"hasMerchantReturnPolicy":{"@type":"MerchantReturnPolicy","merchantReturnLink":"https:\/\/rxrprotect.com\/conditions-generales-de-vente\/"}},{"@type":"Person","@id":"https:\/\/rxrprotect.com\/es\/#\/schema\/person\/5ac16af76a6edd4d28ea8c896e821e1a","name":"clereb","sameAs":["https:\/\/rxrprotect.com"],"url":"https:\/\/rxrprotect.com\/es\/author\/clereb\/"}]}},"_links":{"self":[{"href":"https:\/\/rxrprotect.com\/es\/wp-json\/wp\/v2\/posts\/61223","targetHints":{"allow":["GET"]}}],"collection":[{"href":"https:\/\/rxrprotect.com\/es\/wp-json\/wp\/v2\/posts"}],"about":[{"href":"https:\/\/rxrprotect.com\/es\/wp-json\/wp\/v2\/types\/post"}],"author":[{"embeddable":true,"href":"https:\/\/rxrprotect.com\/es\/wp-json\/wp\/v2\/users\/1"}],"replies":[{"embeddable":true,"href":"https:\/\/rxrprotect.com\/es\/wp-json\/wp\/v2\/comments?post=61223"}],"version-history":[{"count":3,"href":"https:\/\/rxrprotect.com\/es\/wp-json\/wp\/v2\/posts\/61223\/revisions"}],"predecessor-version":[{"id":61229,"href":"https:\/\/rxrprotect.com\/es\/wp-json\/wp\/v2\/posts\/61223\/revisions\/61229"}],"wp:featuredmedia":[{"embeddable":true,"href":"https:\/\/rxrprotect.com\/es\/wp-json\/wp\/v2\/media\/61224"}],"wp:attachment":[{"href":"https:\/\/rxrprotect.com\/es\/wp-json\/wp\/v2\/media?parent=61223"}],"wp:term":[{"taxonomy":"category","embeddable":true,"href":"https:\/\/rxrprotect.com\/es\/wp-json\/wp\/v2\/categories?post=61223"},{"taxonomy":"post_tag","embeddable":true,"href":"https:\/\/rxrprotect.com\/es\/wp-json\/wp\/v2\/tags?post=61223"},{"taxonomy":"post_folder","embeddable":true,"href":"https:\/\/rxrprotect.com\/es\/wp-json\/wp\/v2\/post_folder?post=61223"}],"curies":[{"name":"wp","href":"https:\/\/api.w.org\/{rel}","templated":true}]}}